{"id":6962,"date":"2025-10-10T21:05:25","date_gmt":"2025-10-10T19:05:25","guid":{"rendered":"https:\/\/www.orientainsieme.it\/?p=6962"},"modified":"2025-11-17T10:27:21","modified_gmt":"2025-11-17T09:27:21","slug":"iniziative-per-genitori-e-studenti-classe-iii-scuola-secondaria-di-i-grado","status":"publish","type":"post","link":"https:\/\/www.orientainsieme.it\/?p=6962","title":{"rendered":"Iniziative per genitori e studenti classe III scuola secondaria di I grado"},"content":{"rendered":"\n<p>Al via le iniziative di orientamento organizzate dalla rete per agevolare la scelta della scuola secondaria superiore di famiglie e studenti frequentanti la classe terza.<\/p>\n\n\n\n<p>Queste iniziative fanno seguito alle attivit\u00e0 proposte dal mese di febbraio scorso&nbsp; alle famiglie e agli&nbsp; studenti, grazie al finanziamento regionale afferente alla DGR 685 del 2023.<\/p>\n\n\n\n<p>Esse hanno lo scopo di consolidare le&nbsp; informazioni acquisite sul sistema scolastico formativo italiano e sulle opportunit\u00e0 offerte dalle scuole dell\u2019area vicentina.<\/p>\n\n\n\n<p>Gli studenti potranno anche usufruire delle<strong>&nbsp;schede sintetiche degli indirizzi di studi<\/strong>o  attivati presso ciascun Istituto;&nbsp;consultare il sito web delle scuole di interesse;&nbsp;<strong>partecipare ai&nbsp;laboratori orientativi<\/strong>&nbsp;offerti dagli istituti superiori e visitare &nbsp;con le loro famiglie&nbsp; gli istituti&nbsp;nelle \u201c<strong>Giornate di Scuola Aperta<\/strong>\u201d. Tutte le informazioni sono pubblicate in questa new.&nbsp;<\/p>\n\n\n\n<p><a href=\"https:\/\/www.orientainsieme.it\/wp-content\/uploads\/2025\/10\/4-SCHEDE-ISTITUTI-SECONDARI-SUP-a.s.-25_26.docx.pdf\">Schede sintetiche degli\u00a0 indirizzi offerti dagli\u00a0 Istituti Superiori della citt\u00e0 a.s. 25\/26<\/a><\/p>\n\n\n\n<p><strong>Calendario date scuola aperta e laboratori <a href=\"https:\/\/www.orientainsieme.it\/wp-content\/uploads\/2025\/10\/DEF.3-2-CALENDARIO-LABORATORI-E-SCUOLA-APERTA-AUTUNNO-25.pdf\">DEF.3 2 CALENDARIO LABORATORI E SCUOLA APERTA AUTUNNO 25<\/a><\/strong>\u00a0(<strong>N.B.<\/strong> <em>Il file potrebbe subire integrazioni, fare riferimento alla data di ultima revisione nell&#8217;ultima pagina del fascicolo<\/em>).<\/p>\n<p><strong>Locandina<\/strong>\u00a0 <a href=\"https:\/\/www.orientainsieme.it\/wp-content\/uploads\/2025\/10\/Vicenza-Open-School-day-22-e-23-OTTOBRE-con-indicazioni-partecipazione.pdf\">Vicenza Open School day 22 e 23 OTTOBRE con indicazioni partecipazione\u00a0\u00a0<\/a><\/p>\n<p><strong><em>Modalit\u00e0 da seguire per partecipare alle presentazioni delle scuole<\/em><\/strong><\/p>\n<ol>\n<li>Verificare quali scuole saranno presenti in data 22 o 23 ottobre<\/li>\n<li>Scegliere le scuole di interesse (al massimo si potr\u00e0 assistere a 2 presentazioni in ogni giornata)<\/li>\n<li>Individuata la scuola, entrare nella apposita new di iscrizione tramite il link che sar\u00e0 attivato <strong>il <u>14 ottobre 2025 alle ore 14.00<\/u><\/strong><\/li>\n<li>Per le scuole che effettuano la stessa presentazione in due aule \u00e8 indicato <em>Aula 1<\/em> e <em>Aula 2, <\/em>si prega di provare prima l\u2019iscrizione in Aula 1 e passare ad Aula 2 quando sono esauriti i posti della prima aula<\/li>\n<li>Effettuare la prenotazione<\/li>\n<li>\u00c8 possibile prenotare al massimo <strong>2 biglietti<\/strong> (1 per lo studente e 1 per il genitore o adulto accompagnatore) per presentazione. Si consiglia di prenotare contemporaneamente i biglietti, scegliendo subito la quantit\u00e0 2 se si intende partecipare genitore con figlia\/figlio.<\/li>\n<li><strong>Stampare i biglietti<\/strong> per consegnarli allo studente che cura l\u2019accoglienza nell\u2019aula in cui sar\u00e0 presentata la scuola scelta<\/li>\n<li>Ripetere la procedura per la seconda fascia oraria delle scuole che interessano (ad esempio scuola <em>A<\/em> ore 16.00 \u2013 scuola <em>B<\/em> ore 17.00)<\/li>\n<li>Il sistema eroga biglietti finch\u00e9 ci sono posti liberi nella fascia orario scelta, se non ci saranno pi\u00f9 posti fruibili sar\u00e0 necessario verificare la disponibilit\u00e0 di posti nella fascia oraria successiva o antecedente<\/li>\n<li>Senza la presentazione dei biglietti <strong>non<\/strong> sar\u00e0 possibile entrare nelle aule in cui avvengono le presentazioni<\/li>\n<li>Si raccomanda di arrivare in anticipo davanti all\u2019aula della presentazione per consentire il controllo dei biglietti e rispettare i tempi dedicati a ciascuna presentazione<\/li>\n<\/ol>\n<p><strong><em>\u00a0<\/em><\/strong><\/p>\n\n\n","protected":false},"excerpt":{"rendered":"<p>Al via le iniziative di orientamento organizzate dalla rete per agevolare la scelta della scuola secondaria superiore di famiglie e studenti frequentanti la classe terza. Queste iniziative fanno seguito alle attivit\u00e0 proposte dal mese di febbraio scorso&nbsp; alle famiglie e agli&nbsp; studenti, grazie al finanziamento regionale afferente alla DGR 685 del 2023. Esse hanno lo [&hellip;]<\/p>\n","protected":false},"author":2,"featured_media":0,"comment_status":"closed","ping_status":"closed","sticky":false,"template":"","format":"standard","meta":{"footnotes":""},"categories":[3],"tags":[],"class_list":["post-6962","post","type-post","status-publish","format-standard","hentry","category-news"],"_links":{"self":[{"href":"https:\/\/www.orientainsieme.it\/index.php?rest_route=\/wp\/v2\/posts\/6962","targetHints":{"allow":["GET"]}}],"collection":[{"href":"https:\/\/www.orientainsieme.it\/index.php?rest_route=\/wp\/v2\/posts"}],"about":[{"href":"https:\/\/www.orientainsieme.it\/index.php?rest_route=\/wp\/v2\/types\/post"}],"author":[{"embeddable":true,"href":"https:\/\/www.orientainsieme.it\/index.php?rest_route=\/wp\/v2\/users\/2"}],"replies":[{"embeddable":true,"href":"https:\/\/www.orientainsieme.it\/index.php?rest_route=%2Fwp%2Fv2%2Fcomments&post=6962"}],"version-history":[{"count":15,"href":"https:\/\/www.orientainsieme.it\/index.php?rest_route=\/wp\/v2\/posts\/6962\/revisions"}],"predecessor-version":[{"id":7177,"href":"https:\/\/www.orientainsieme.it\/index.php?rest_route=\/wp\/v2\/posts\/6962\/revisions\/7177"}],"wp:attachment":[{"href":"https:\/\/www.orientainsieme.it\/index.php?rest_route=%2Fwp%2Fv2%2Fmedia&parent=6962"}],"wp:term":[{"taxonomy":"category","embeddable":true,"href":"https:\/\/www.orientainsieme.it\/index.php?rest_route=%2Fwp%2Fv2%2Fcategories&post=6962"},{"taxonomy":"post_tag","embeddable":true,"href":"https:\/\/www.orientainsieme.it\/index.php?rest_route=%2Fwp%2Fv2%2Ftags&post=6962"}],"curies":[{"name":"wp","href":"https:\/\/api.w.org\/{rel}","templated":true}]}}